{"id":3025,"date":"2022-02-01T19:48:35","date_gmt":"2022-02-01T19:48:35","guid":{"rendered":"https:\/\/www.travelwithanda.com\/?p=3025"},"modified":"2022-03-25T14:45:54","modified_gmt":"2022-03-25T14:45:54","slug":"intervju-tomaz-rotar","status":"publish","type":"post","link":"https:\/\/www.travelwithanda.com\/index.php\/2022\/02\/01\/intervju-tomaz-rotar\/","title":{"rendered":"Intervju: dr. Toma\u017e Rotar o zadnji zimski odpravi na K2"},"content":{"rendered":"<p><strong>Tole bo en poseben intervju, ki si ga \u0161tejem v veliko \u010dast. Tisti, ki se vam vsaj malce sanja, o \u010dem je govora, ga boste, kljub njegovem obsegu, prebrali &#8220;na eks&#8221;. Ostali pa verjetno potrebujete kar nekaj &#8220;predpriprav&#8221;, da ga boste razumeli. Zato tudi nekoliko dalj\u0161i uvod, kot obi\u010dajno.<\/strong><!--more--><\/p>\n<p>V njegovo ordinacijo sem prvi\u010d vstopila pred pribli\u017eno tremi leti, po tem, ko sem obupala nad zobozdravstvom na koncesijo. Na steni sem najprej zagledala fotografijo gore <strong>Everest<\/strong> in napis &#8220;Bravo, ati!&#8221; Kul, moj novi zobozdravnik o\u010ditno rad lazi po hribih, sem si mislila. Danes, ko je za mano kar nekaj adrenalinskih kilometrov, med drugim tudi tisto nesre\u010dno re\u0161evanje pod <a href=\"https:\/\/www.travelwithanda.com\/index.php\/2021\/09\/11\/adijo-ponos-sos-vrtaca\/\" target=\"_blank\" rel=\"noopener noreferrer\">Vrta\u010do<\/a>, na njegove podvige gledam povsem druga\u010de. <strong>Dr. Toma\u017e Rotar,<\/strong> zobozdravnik iz Radovljice, je stal \u017ee na t<strong>reh osemtiso\u010dakih<\/strong>, med drugim tudi na <strong>K2<\/strong>, tako imenovani <strong>&#8220;savage mountain&#8221;<\/strong>.<\/p>\n<p>Z <strong>8.611 metri<\/strong> je K2 druga najvi\u0161ja gora na svetu, zloglasni vzdevek pa je dobila leta 1953, ko je alpinist George Bell izrekel legendarni stavek: <strong>&#8220;It&#8217;s a savage mountain that tries to kill you.&#8221;<\/strong> Zaradi te\u017ekega dostopa in nepredvidljivih vremenskih razmer se ve\u010dina nanjo odpravi v poletnih mesecih. A tudi v idealnih razmerah (kar pomeni okoli -30\u00b0C), na njej umre vsak \u010detrti alpinist.<\/p>\n<p><strong>Decembra 2021<\/strong> je Toma\u017e, skupaj z odpravo odli\u010dnih alpinistov, kot prvi na svetu posku\u0161al iti \u0161e korak dlje. Osvojiti vrh K2 v obdobju meteorolo\u0161ke zime, kar do takrat ni uspelo \u0161e nikomur. V istem obdobju, le 3 tedne pred njimi, je vrh sicer dosegla <strong>skupina pakistanskih \u0161erp<\/strong>, a je njihov podvig \u0161e danes <strong>ovit v tan\u010dico skrivnosti.<\/strong> Zaradi velike razpoke, ki je Toma\u017eu kasneje prepre\u010dila pot do vrha, obstaja dvom, da se je to dejansko zgodilo. O tem, kak\u0161no razpoko je odprava pustila v njegovem srcu, pa v nadaljevanju.<\/p>\n<h5><strong><img loading=\"lazy\" decoding=\"async\" class=\"alignnone wp-image-3091 size-large\" src=\"https:\/\/www.travelwithanda.com\/wp-content\/uploads\/2022\/02\/tomaz-rotar-k2-intervju-blog-anda-arko-1536x1024-1-1024x683.jpg\" alt=\"\" width=\"690\" height=\"460\" srcset=\"https:\/\/www.travelwithanda.com\/wp-content\/uploads\/2022\/02\/tomaz-rotar-k2-intervju-blog-anda-arko-1536x1024-1-1024x683.jpg 1024w, https:\/\/www.travelwithanda.com\/wp-content\/uploads\/2022\/02\/tomaz-rotar-k2-intervju-blog-anda-arko-1536x1024-1-300x200.jpg 300w, https:\/\/www.travelwithanda.com\/wp-content\/uploads\/2022\/02\/tomaz-rotar-k2-intervju-blog-anda-arko-1536x1024-1-768x512.jpg 768w, https:\/\/www.travelwithanda.com\/wp-content\/uploads\/2022\/02\/tomaz-rotar-k2-intervju-blog-anda-arko-1536x1024-1-690x460.jpg 690w, https:\/\/www.travelwithanda.com\/wp-content\/uploads\/2022\/02\/tomaz-rotar-k2-intervju-blog-anda-arko-1536x1024-1-390x260.jpg 390w, https:\/\/www.travelwithanda.com\/wp-content\/uploads\/2022\/02\/tomaz-rotar-k2-intervju-blog-anda-arko-1536x1024-1.jpg 1536w\" sizes=\"auto, (max-width: 690px) 100vw, 690px\" \/><\/strong><\/h5>\n<h6><strong>Dober teden po va<\/strong><strong>\u0161<\/strong><strong>i vrnitvi z zimskega vzpona na K2 ste mi rekli, da <\/strong><strong>\u0161<\/strong><strong>e vedno ne <\/strong><strong>\u010d<\/strong><strong>utite prstov na nogah. Koliko <\/strong><strong>\u010d<\/strong><strong>asa ste potrebovali, da se je telo popolnoma umirilo<\/strong><strong>?<\/strong><\/h6>\n<p>Doma\u010da klima in nadmorska vi\u0161ina sta balzam za telo, ki je dva meseca dobesedno umiralo zaradi hipoksije in nizkih temperatur. Na doma\u010de okolje se precej la\u017eje prilagodim kot obratno, nekoliko dlje pa traja sanacija po\u0161kodb in ozeblin. Zamrznjena ko\u017ea se obnovi v pribli\u017eno <strong>mesecu dni,<\/strong> ne\u017eno zbadanje drobnih iglic se lahko \u010duti precej dlje. \u010cutenje s konicami prstov pa je lahko zmanj\u0161ano tudi <strong>nekaj mesecev.<\/strong><\/p>\n<h6><strong>Kaj pa glava?<\/strong><\/h6>\n<p>Glava ne bo nikoli ve\u010d taka, kot je bila, nenazadnje grem na tak\u0161no pot ravno zato. Potovanja, dolga ali kratka, ekstremna ali ne, so namenjena <strong>spreminjanju na\u0161ega odnosa<\/strong> do okolja, ljudi in tudi do nas samih. Ponavadi za\u010dnem z delom kar hitro po vrnitvi z odprave, saj me delovno okolje prisili v <strong>miselno aklimatizacijo<\/strong>. Se pa ob tem ve\u010dkrat nasmehnem, ko poslu\u0161am \u00bbte\u017eave\u00ab ljudi. Po vsaki odpravi mi je nekoliko manj mar za TV novice, Covid filozofijo, nove avtomobile in praznovanje prijateljskih petdesetletnic. Precej la\u017ee pa prisluhnem ljudem s pravimi te\u017eavami, ki malo govorijo in ve\u010d naredijo, da bi jih re\u0161ili.<\/p>\n<h6><strong>Va<\/strong><strong>\u0161<\/strong><strong>a zadnja gorska izku<\/strong><strong>\u0161<\/strong><strong>nja je bila pri nas <\/strong><strong>zelo<\/strong><strong> odmevna, o njej ste napisali tudi zelo <a href=\"https:\/\/www.zobozdravnik.si\/tomaz-rotar\/106\/le-angeli-imajo-krila-k2-2021\" target=\"_blank\" rel=\"noopener noreferrer\">do<\/a><\/strong><a href=\"https:\/\/www.zobozdravnik.si\/tomaz-rotar\/106\/le-angeli-imajo-krila-k2-2021\"><strong>\u017e<\/strong><\/a><strong><a href=\"https:\/\/www.zobozdravnik.si\/tomaz-rotar\/106\/le-angeli-imajo-krila-k2-2021\">ivet zapis<\/a>. Kaj pa odzivi iz tujine?<\/strong><\/h6>\n<p>Ob\u0161iren intervju sem imel z Angelo Benavides, ki pi\u0161e za eno glavnih alpinisti\u010dnih spletnih strani <a href=\"https:\/\/explorersweb.com\/\" target=\"_blank\" rel=\"noopener noreferrer\">Explorers web<\/a>. Intervju je bil namenjen predvsem razre\u0161itvi vzroka izginotja treh prijateljev, ki sem jih na gori zapustil <strong>tiste usodne no\u010di<\/strong>, med 3. in 4. februarjem lani. Nekaj intervjujev je bilo tudi za \u010dilske, bolgarske, pakistanske in islandske medije, ki so iskali resnico o smrti rojakov. Namre\u010d, pojavljalo se je kar nekaj teorij o tem, zakaj so nadaljevali pot. Sam sem bil sicer prepri\u010dan, da bom ostal na gori, \u010de se ne vrnem. Moj sum, da so John, Pablo in Ali umrli zaradi iz\u010drpanosti, se je potrdil <strong>poleti, ko so trupla na\u0161li<\/strong>. \u0160e vedno pa ostaja uganka, ali so vrh dejansko dosegli.<\/p>\n<h6><strong>Zdaj, ko je od odprave preteklo leto dni, je va<\/strong><strong>\u0161<\/strong><strong> pogled na celotno situacijo kaj druga<\/strong><strong>\u010d<\/strong><strong>en? Ste razo<\/strong><strong>\u010d<\/strong><strong>arani, \u017ealostni, morda kaj drugega?<\/strong><\/h6>\n<p>V prvi vrsti ostaja <strong>\u017ealost,<\/strong> ker sem na gori izgubil prijatelje, s katerimi smo na preteklih odpravah spletli tesne vezi. Z <strong>Johnom Snorrijem<\/strong> sva pre\u017eivela dve zimi v bazi pod K2, ki predstavlja enega najbolj negostoljubnih podro\u010dij na planetu. \u017de v 2019\/20 sva namre\u010d posku\u0161ala kot prva na svetu osvojiti K2 pozimi. Ponovno sva bila skupaj naslednjo zimo, ki pa je bila zanj \u017eal zadnja.<\/p>\n<p>Z <strong>Alijem Sakhbaro<\/strong> sem stal na vrhu K2 julija 2018, kar ga je takrat postavilo med vodilne pakistanske alpiniste. <strong>Pabla<\/strong> sem sicer poznal nekoliko bolj od dale\u010d, Bolgar <strong>Atanas Skatov<\/strong>, ki je usodno zdrsnil pri zadnjem spustu, pa je bil z menoj na vrhu osemtiso\u010daka Kangchenjunge, maja 2019.<\/p>\n<h6><strong>Kaj pa vzpon \u0161erp, se je vmes situacija \u017ee kaj razjasnila?<\/strong><\/h6>\n<p>\u0160e vedno me \u010dudi. Dogodek, ki naj bi se zgodil le 3 tedne pred na\u0161im poskusom, namre\u010d ni bil podprt niti z enim GPS sledilcem, kar je danes dokaj neobi\u010dajno. Prav tako ostaja nesprejemljivo, da nih\u010de od njih ni delil z nami podatkov o <strong>ledeni\u0161ki razpoki,<\/strong> ki je ustavila tudi mene. O njej se je kasneje na \u0161iroko razpisal Mingma G, ki naj bi s to skupino dosegel vrh. Hkrati pa je bil ravno on tisti, ki je nama z Johnom pod pretvezo slabega zdravstvenega stanja onemogo\u010dil nadaljevanje odprave v predhodni zimi.<\/p>\n<p>O problematiki smo \u010dlani zadnje odprave na \u0161iroko razpravljali, a drugega, kot gro\u017eenj s strani nekaterih \u0161erp, nismo bili dele\u017eni. Zato bi lahko rekel le, da sem <strong>razo\u010daran<\/strong> nad pristopom ljudi, ki tak\u0161ne podvige jemljejo le kot prilo\u017enost za zaslu\u017eek. Kakorkoli, vse skupaj je sedaj le \u0161e spomin, ki bo s \u010dasom izgubil slab priokus, ostale pa bodo le lepe podobe.<\/p>\n<h6><strong>Sicer upam, da vas je kon<\/strong><strong>\u010d<\/strong><strong>no sre<\/strong><strong>\u010d<\/strong><strong>ala pamet, pa vendar<\/strong><strong> moram<\/strong><strong>: boste poskusili <\/strong><strong>\u0161<\/strong><strong>e tretji<\/strong><strong>\u010d<\/strong><strong>? <\/strong><\/h6>\n<p>O tretjem poskusu zaenkrat \u0161e nisem razmi\u0161ljal. \u010ce me vendarle sre\u010da pamet, pa bo moj na\u010drt vsekakor druga\u010den kot do sedaj.<\/p>\n<h6><strong>Kaj <\/strong><strong>\u017e<\/strong><strong>ene <\/strong><strong>\u010d<\/strong><strong>loveka, da si zastavi tak cilj? Je to ljubezen do gora, ki s<\/strong><strong>\u010d<\/strong><strong>asoma preraste v obsesijo? Adrenalinska odvisnost? Dokazovanje?<\/strong><\/h6>\n<p>Ljudje se razlikujemo. Majhna je verjetnost, da bomo v \u017eivljenju sre\u010dali \u010dloveka, ki mu teknejo kosmati pajki ali da u\u017eiva v hoji po \u017eebljih. Ve\u010dini se zdijo njihova dejanja \u010duda\u0161ka. Podobno je s plezanjem, hitro vo\u017enjo, menjavanjem partnerjev, homoseksualnostjo. Vsak po\u010dne oziroma \u017eeli po\u010deti <strong>tisto, kar ga zadovoljuje.<\/strong><\/p>\n<p>Odgovor na vpra\u0161anje, zakaj po\u010dnemo tak\u0161ne stvari, je povsem preprost. Gre za vpra\u0161anje <strong>evolucije.<\/strong> Najbr\u017e zato, da smo v\u0161e\u010d nekomu drugemu ali da nanj naredimo vtis. Mislim, da vse \u017eivljenje stremimo za tem, \u010deprav dejanja opravi\u010dujemo na najbolj absurdne in filozofske na\u010dine, ki so osnova rojstvu tiso\u010dim alternativnim pristopom do \u017eivljenja in zdravja.<\/p>\n<h6><strong><img loading=\"lazy\" decoding=\"async\" class=\"alignnone size-large wp-image-3041\" src=\"https:\/\/www.travelwithanda.com\/wp-content\/uploads\/2022\/02\/toma\u017e-rotar-intervju-anda-arko-blog-1024x768.jpg\" alt=\"\" width=\"690\" height=\"518\" srcset=\"https:\/\/www.travelwithanda.com\/wp-content\/uploads\/2022\/02\/toma\u017e-rotar-intervju-anda-arko-blog-1024x768.jpg 1024w, https:\/\/www.travelwithanda.com\/wp-content\/uploads\/2022\/02\/toma\u017e-rotar-intervju-anda-arko-blog-300x225.jpg 300w, https:\/\/www.travelwithanda.com\/wp-content\/uploads\/2022\/02\/toma\u017e-rotar-intervju-anda-arko-blog-768x576.jpg 768w, https:\/\/www.travelwithanda.com\/wp-content\/uploads\/2022\/02\/toma\u017e-rotar-intervju-anda-arko-blog-1536x1152.jpg 1536w, https:\/\/www.travelwithanda.com\/wp-content\/uploads\/2022\/02\/toma\u017e-rotar-intervju-anda-arko-blog-690x518.jpg 690w, https:\/\/www.travelwithanda.com\/wp-content\/uploads\/2022\/02\/toma\u017e-rotar-intervju-anda-arko-blog-347x260.jpg 347w, https:\/\/www.travelwithanda.com\/wp-content\/uploads\/2022\/02\/toma\u017e-rotar-intervju-anda-arko-blog-scaled.jpg 1200w\" sizes=\"auto, (max-width: 690px) 100vw, 690px\" \/><\/strong><\/h6>\n<h6><strong>Kako se sploh loti<\/strong><strong>\u0161<\/strong> <strong>tak<\/strong><strong>\u0161<\/strong><strong>nega podviga? Verjetno se ne more<\/strong><strong>\u0161<\/strong> <strong>kar usesti na prvo letalo, pa kar bo, bo?\u00a0<\/strong><\/h6>\n<p>Alpinizem je <strong>na\u010din \u017eivljenja<\/strong> in ni \u0161port ali po\u010ditni\u0161ka dejavnost. Tudi ljudje, ki \u017eivijo na tak na\u010din, potrebujejo kar nekaj \u010dasa, da se na odpravo pripravijo in jo med drugim stla\u010dijo v \u010dasovnico svojega \u017eivljenja. A navsezadnje se vedno usedem na letalo in si re\u010dem:\u201d Kar bo, pa bo.\u201d<\/p>\n<h6><strong>Koliko <\/strong><strong>\u010d<\/strong><strong>asa, kako in kje se pripravlja<\/strong><strong>te<\/strong><strong> na<\/strong><strong>\u00a0<\/strong><strong>odpravo? <\/strong><\/h6>\n<p>Treningi in z njimi povezano trpljenje mi niso tuji. V gimnazijskih letih sem bil \u010dlan kolesarske mladinske dr\u017eavne reprezentance in <strong>kolesarjenje<\/strong> mi \u0161e danes predstavlja glavni trening za pridobivanje splo\u0161ne telesne pripravljenosti. Tudi starej\u0161a h\u010derka, ki sicer obiskuje zadnji letnik gimnazije, je \u017ee drugi\u010d osvojila naslov dr\u017eavne prvakinje, tako da se velikokrat skupaj po\u017eeneva v klanec.<\/p>\n<p>Par mesecev pred odpravo nekoliko poja\u010dam obseg gibanja. Poleti prekolesarim pribli\u017eno <strong>10.000 vi\u0161inskih metrov na teden<\/strong>. Moj standardni vikend krog je Mangart-Vr\u0161i\u010d ali Sella Nevea-Rezija-Passo Carnizza-Vr\u0161i\u010d, med tednom pa Pokljuka-Sorica-Dra\u017ego\u0161e. Pozimi najve\u010d vi\u0161incev naredim s turnimi smu\u010dmi proti Kredarici, Kanjavcu, Dra\u0161kemu vrhu, Kri\u017eu in Razorju. V\u010dasih se lotim plezanja po slapovih v Tamarju, pod Prisojnikom, a je \u010dasovno usklajevanje te\u017eje, saj potrebujem soplezalca. Vso pripravo torej naredim &#8220;doma&#8221;, saj \u017eivim v prelepi Gorenjski.<\/p>\n<h6><strong>Kak je stro<\/strong><strong>\u0161<\/strong><strong>ek tak<\/strong><strong>\u0161<\/strong><strong>nega <\/strong><strong>\u00bb<\/strong><strong>paketa<\/strong><strong>\u00ab<\/strong><strong>? <\/strong><\/h6>\n<p>Te\u017eko bi govorili o paketu. Vnaprej je sicer potrebno pla\u010dati <strong>dovoljenje za plezanje<\/strong> in osnovno <strong>oskrbo<\/strong> v baznem taboru. Dodatni stro\u0161ki so odvisni od razpolo\u017eenja \u0161erp in nosa\u010dev, ki v slabih razmerah ponavadi pri\u010dnejo s stavko. Cena odprave na Everest in K2, ki spadata med najdra\u017eje vrhove, je okoli <strong>40.000 \u20ac<\/strong>.<\/p>\n<h6><strong>Kaj pa <\/strong><strong>\u010d<\/strong><strong>asovnica odprave<\/strong><strong>?<\/strong> <strong>K<\/strong><strong>oliko <\/strong><strong>\u010d<\/strong><strong>asa ste bili z doma<\/strong><strong>?<\/strong><\/h6>\n<p>Odprave na osemtiso\u010dake imajo standardni \u010dasovni okvir, <strong>okoli 2 meseca.<\/strong> 4-5 dni zapravim na mednarodnih letih, okoli 10 dni za dostop do baze in polovico manj za povratek v civilizacijo. Ostalo je namenjeno aklimatizaciji. Za vzpon na Everest s severne strani smo recimo odgarali kar 34.000 vi\u0161inskih metrov aklimatizacije, vse nad 5.000 m, kolikor je nadmorska vi\u0161ina baze. Kon\u010dni vzpon in spust trajata okoli 5 dni.<\/p>\n<h6><strong>Lahko opi<\/strong><strong>\u0161<\/strong><strong>ete en povpre<\/strong><strong>\u010d<\/strong><strong>en dan na <\/strong><strong>\u00bb<\/strong><strong>terenu<\/strong><strong>\u00ab<\/strong><strong>?\u00a0<\/strong><\/h6>\n<p>Spanje ponavadi ni najbolj\u0161i del no\u010di, saj nabiranje vi\u0161ine pomeni nespe\u010dnost, glavobole in tudi drisko. <strong>Zajtrk<\/strong> je okoli 6h, nato pospravimo \u0161otore in pomagamo nosa\u010dem nalo\u017eiti tovore. <strong>Hoditi pri\u010dnemo okoli 9h<\/strong>, odvisno od vremena, zdravstvenih problemov v ekipi in predvidene razdalje tisti dan. Pozimi gazimo pot nosa\u010dem, ki imajo \u017ee brez snega dovolj te\u017eav. Pribli\u017eno 10 ljudi ima nalogo utreti globoko gaz po Baltoru, najbolj samotnem ledeniku na svetu.<\/p>\n<p><img loading=\"lazy\" decoding=\"async\" class=\"alignnone size-large wp-image-3033\" src=\"https:\/\/www.travelwithanda.com\/wp-content\/uploads\/2022\/02\/toma\u017e-rotar-blog-anda-arko-1024x768.jpg\" alt=\"\" width=\"690\" height=\"518\" srcset=\"https:\/\/www.travelwithanda.com\/wp-content\/uploads\/2022\/02\/toma\u017e-rotar-blog-anda-arko-1024x768.jpg 1024w, https:\/\/www.travelwithanda.com\/wp-content\/uploads\/2022\/02\/toma\u017e-rotar-blog-anda-arko-300x225.jpg 300w, https:\/\/www.travelwithanda.com\/wp-content\/uploads\/2022\/02\/toma\u017e-rotar-blog-anda-arko-768x576.jpg 768w, https:\/\/www.travelwithanda.com\/wp-content\/uploads\/2022\/02\/toma\u017e-rotar-blog-anda-arko-1536x1152.jpg 1536w, https:\/\/www.travelwithanda.com\/wp-content\/uploads\/2022\/02\/toma\u017e-rotar-blog-anda-arko-690x518.jpg 690w, https:\/\/www.travelwithanda.com\/wp-content\/uploads\/2022\/02\/toma\u017e-rotar-blog-anda-arko-347x260.jpg 347w, https:\/\/www.travelwithanda.com\/wp-content\/uploads\/2022\/02\/toma\u017e-rotar-blog-anda-arko-scaled.jpg 1200w\" sizes=\"auto, (max-width: 690px) 100vw, 690px\" \/><\/p>\n<p>Odmor za malico imamo sredi dneva. Kadar ne sne\u017ei in ni vetra, sle\u010demo te\u017eke obleke in rokavice. Nadaljujemo do teme v soju \u010delnih svetilk, postavimo \u0161otore, nekaj malega pojemo in se zavle\u010demo v debele spalke. Le-te zaradi vlage vsak dan <strong>pridobivajo na te\u017e<\/strong>i in \u010de bi pot trajala \u0161e malo dlje, bi najbr\u017e vsi za ve\u010dno ostali tam nekje.<\/p>\n<p>Dnevi v bazi, ko ni aklimatizacijskih vzponov, minejo precej bolj mirno in skoraj <strong>preve\u010d spro\u0161\u010deno<\/strong>. Vsak ima na razpolago svoj \u0161otor, vstajamo kasneje, zajtrkujemo zelo dolgo, vmes vr\u017eemo partijo kart, pi\u0161emo dnevnike, govorimo o vremenu, gori, po\u0161kodbah, ljudeh, ki nas \u010dakajo doma, skrbeh, ki jih imamo, \u017eeljah ki gorijo v nas in o strahovih, ki se priplazijo v neprespanih no\u010deh.\u00a0<strong>Kosilo<\/strong>\u00a0je ponavadi okoli 14h.<\/p>\n<h5><strong>Kako se soo<\/strong><strong>\u010d<\/strong><strong>ate<\/strong><strong> z izgubo sopotnikov<\/strong><strong>? So <\/strong><strong>\u010d<\/strong><strong>ustva takrat izklopljena?\u00a0<\/strong><\/h5>\n<p>Vedno je te\u017eko <strong>izgubiti \u010dloveka<\/strong>, ki ga poznamo, kaj \u0161ele \u010dloveka, ki ga poznamo dobro in smo z njim pre\u017eiveli lepe in te\u017eke stvari. Ko na nekdo na gori umre, \u0161e posebej kdo od \u201dbli\u017enjih\u201c, ob\u010dutim neko vrsto <strong>\u017ealosti in pomanjkanja<\/strong>. In se seveda vpra\u0161am, zakaj sploh po\u010dnem, kar po\u010dnem. Zavem se, da se lahko \u017ee jutri tudi meni pretrga vrv, mi zamrznejo prsti, mi zmanjka mo\u010di in da bo lahko tako hudo, da si najbr\u017e \u017eivljenja sploh ne bom \u017eelel ve\u010d.<\/p>\n<p>A alpinizem je egoizem in vsaki\u010d, ko nekdo odide, se zavedam tudi, da sem sam \u0161e vedno \u017eiv. <strong>Ostati \u017eiv<\/strong>, ko drugi umrejo, v bistvu pomeni razlog za veselje. Sicer grenko, a neko\u010d se tako ali druga\u010de najbr\u017e spet sre\u010damo. Olaj\u0161evalna okoli\u0161\u010dina je to, da <strong>\u010dasa in kisika<\/strong> za \u010dustvovanje na gor ni. Gora namre\u010d ne dopu\u0161\u010da napak, vsaj ne osemtiso\u010dak.\u00a0\u010casa za razglabljanje o vzrokih napak, \u017ealosti in nemo\u010di je dovolj v dolini, ko je na voljo tudi pivo in toplo sonce in se lahko spominjam tistih, ki jih ne morem ve\u010d poklicati za naslednjo pot.<\/p>\n<h6><strong>Ste se kdaj<\/strong><strong>\u00a0tudi sami <\/strong><strong>\u017e<\/strong><strong>e &#8220;poslovili&#8221;? <\/strong><strong>K<\/strong><strong>oliko razmi<\/strong><strong>\u0161<\/strong><strong>ljate o morebitni smrti pred in med potjo? <\/strong><\/h6>\n<p>\u017de nekajkrat mi je uspelo narediti neumnost, ki bi bila brez angelov, za katere sem prepri\u010dan, da mi \u0161e vedno odpu\u0161\u010dajo napake, zame gotovo usodna. Zanimivo pa je, da tudi v teh trenutkih <strong>nikoli nisem pomislil, da lahko dejansko odidem<\/strong>. Kot bi bil varovan s svojo lastno neumno nedojemljivostjo resnosti trenutka. Mislim celo, da resnosti takih trenutkov nih\u010de ne more v celoti dojeti. Dojemanje le-teh verjetno pomeni da smo prakti\u010dno \u017ee mrtvi.<\/p>\n<p>Ko kasneje govorimo o takih trenutkih, ki bi jih lahko opisoval ure in ure, se najve\u010dkrat zatekamo k lastni domi\u0161ljiji. Ta deluje mo\u010dneje, bolj kot smo oddaljeni od doti\u010dnega trenutka. Iz udobnega doma\u010dega naslonjala, ko z ne\u017enim udarjanjem po tipkovnici kreiramo v\u0161e\u010dnost zapisa o takih trenutkih, smo zelo oddaljeni o dejanskega do\u017eivljanja le teh.<\/p>\n<h5><strong>Kdo se odlo<\/strong><strong>\u010d<\/strong><strong>i, da je konec? Da ne greste ve<\/strong><strong>\u010d<\/strong> <strong>naprej?\u00a0<\/strong><\/h5>\n<p>Odpravo prekine <strong>vodja odprave,<\/strong> \u010de oceni, da bi bila zaradi vremenskih, zdravstvenih, politi\u010dnih ali finan\u010dnih razlogov lahko ogro\u017eena \u017eivljenja. Vsak posameznik prav tako lahko prekine lastno sodelovanje v odpravi, \u010de pogodbeno ni vezan na delovanje celotne odprave, ko na primer zdravnik ali novinar.<\/p>\n<h5><strong><img loading=\"lazy\" decoding=\"async\" class=\"alignnone wp-image-3093 size-large\" src=\"https:\/\/www.travelwithanda.com\/wp-content\/uploads\/2022\/02\/tomaz-rotar-k2-blog-anda-arko-1-1536x1024-1-1024x683.jpg\" alt=\"\" width=\"690\" height=\"460\" srcset=\"https:\/\/www.travelwithanda.com\/wp-content\/uploads\/2022\/02\/tomaz-rotar-k2-blog-anda-arko-1-1536x1024-1-1024x683.jpg 1024w, https:\/\/www.travelwithanda.com\/wp-content\/uploads\/2022\/02\/tomaz-rotar-k2-blog-anda-arko-1-1536x1024-1-300x200.jpg 300w, https:\/\/www.travelwithanda.com\/wp-content\/uploads\/2022\/02\/tomaz-rotar-k2-blog-anda-arko-1-1536x1024-1-768x512.jpg 768w, https:\/\/www.travelwithanda.com\/wp-content\/uploads\/2022\/02\/tomaz-rotar-k2-blog-anda-arko-1-1536x1024-1-690x460.jpg 690w, https:\/\/www.travelwithanda.com\/wp-content\/uploads\/2022\/02\/tomaz-rotar-k2-blog-anda-arko-1-1536x1024-1-390x260.jpg 390w, https:\/\/www.travelwithanda.com\/wp-content\/uploads\/2022\/02\/tomaz-rotar-k2-blog-anda-arko-1-1536x1024-1.jpg 1536w\" sizes=\"auto, (max-width: 690px) 100vw, 690px\" \/><\/strong><\/h5>\n<h6><strong>Na K2 ste sicer \u017ee stali julija 201<\/strong><strong>8<\/strong><strong>. Kak<\/strong><strong>\u0161<\/strong><strong>ni so bili ob<\/strong><strong>\u010d<\/strong><strong>utki takrat? <\/strong><\/h6>\n<p>Za menoj sta <strong>dve zimski odpravi<\/strong>. Na zadnji sem dosegel vi\u0161ino skoraj osem tiso\u010d metrov, kar je (\u010de izklju\u010dimo lanski domnevni uspeh skupine \u0161erp), rekordna zimska vi\u0161ina na tej gori za pre\u017eivelega alpinista. Poleti 2018 sem stal na vrhu K2 skupaj z Alijem, ki je zadnjo zimsko odpravo izgubil \u017eivljenje.<\/p>\n<p>Z dojemanjem trenutka, ko \u010dlovek stopi na <strong>vrh gore<\/strong>, ki mu je vzela leta priprav in goro denarja, je pribli\u017eno tako kot z dojemanjem pobega iz krempljev smrti, ki sem ga opisoval zgoraj. Vrh smo dosegli v \u201dtoplem\u201d son\u010dnem vremenu, v brezvetrju, pri <strong>-28 \u00b0C.<\/strong> Posnel sem nekaj minut dolg film, kar je za to goro redkost, gotovo pa je edini v Sloveniji. Seveda sem bil vesel, a \u010dasa za proslavljanje na vrhu ni bilo, saj hipoksija mo\u017eganom ni v\u0161e\u010d. Poleg tega sem bil \u0161ele na pol poti. Druga polovica oziroma povratek vzame najve\u010d \u017eivljenj in sprehod po Baltoru, kjer so ledeni\u0161ki poto\u010dki tekli v smeri proti domu, kjer \u017ee tako dolgo nisem bil, je bil \u0161e dale\u010d.<\/p>\n<p>Ob\u010dutki in njihova interpretacija se zbudijo <strong>\u0161ele po nekaj dneh v bazi<\/strong>, ko se telo po\u010dasi vra\u010da k \u017eivljenju, ko s konicami prstov ponovno za\u010dutm dotik tipkovnice, ko v plju\u010dih ni ve\u010d odve\u010dne teko\u010dine in ko rahel mo\u017eganski edem splahni. Vsaki\u010d, ko opisujem te ob\u010dutke, so nekoliko druga\u010dni. Morda bolj dovr\u0161eni, morda pa le bolj v\u0161e\u010dni bralcu, ki si \u017eeli sli\u0161ati nekaj nadnaravnega, \u010desar sam najbr\u017e ne bo nikoli do\u017eivel.<\/p>\n<h5><strong>Poleg K2 ste osvojili tudi najvi<\/strong><strong>\u0161<\/strong><strong>jo goro sveta. Za laike, na kratko, kak<\/strong><strong>\u0161<\/strong><strong>na je razlika?<\/strong><\/h5>\n<p>Everest predstavlja najbolj\u0161i uvod v osvajanje osemtiso\u010dakov. Je <strong>tehni\u010dno nezahtevna<\/strong> gora in mnogo la\u017eje dostopna kot K2. Skoraj v vsakem trenutku vzpona se lahko vrne\u0161 v bazo, ki je ves \u010das dostopna s helikopterji. Pomo\u010d je skoraj vedno pri roki, saj se alpinist na gori nikoli ne znajde popolnoma sam. Everest ponuja varno soo\u010danje z rasto\u010do nadmorsko vi\u0161ino in lahek umik iz krizne situacije. Uporaba vrvi na je za\u017eelena, ni pa nujna. Baza na ju\u017eni strani Everesta nudi mnogo oblik sprostitve in dru\u017eenja, saj tam naenkrat lahko domuje nekaj sto ljudi, kar vsekakor ne velja za ostale baze pod osemtiso\u010daki.<\/p>\n<p>K2 je najte\u017eji osemtiso\u010dak na svetu zaradi svoje odro\u010dnosti, tehni\u010dne zahtevnosti in vremenskih razmer. Na Everestu vsako leto stoji na vrhu dvakrat toliko ljudi, kot jih je na K2 v vsej zgodovini plezanja. <strong>Smrtnost na Everestu je 0,5 % na K2 pa 27 %.<\/strong> Povpre\u010dni naklon pri vzponu na K2 je skoraj 70 stopinj. Spust z gore je mo\u017een le s pomo\u010djo vrvi (spu\u0161\u010danje s pomo\u010djo osmice). Helikopterskega re\u0161evanja, razen iz baze, ni. V Tibetu niso mogo\u010di helikopterski leti (podobno sicer velja za severno steno Everesta), kar pomeni, da je alpinist prepu\u0161\u010den samemu sebi, dokler ne dose\u017ee baze.<\/p>\n<h6><strong>Kateri je bil za vas osebno najve<\/strong><strong>\u010d<\/strong><strong>ji gorski dose<\/strong><strong>\u017e<\/strong><strong>ek in zakaj?<\/strong><\/h6>\n<p>Moj prvi vzpon na <strong>Triglav<\/strong>. \u201dPlezal\u201c sem s svojo mamo in mlaj\u0161o sestro. Star sem bil sedem let in ves \u010das me je na smrt skrbelo, da se jima ne bi zgodilo kaj hudega. Nikdar ve\u010d nisem bil ve\u010d tako obremenjen z varnostjo soplezalca.<\/p>\n<p><strong>Ker sva ravno na<\/strong><strong>\u00a0popotni<\/strong><strong>\u0161<\/strong><strong>kem blogu, vi pa ste prepotovali <\/strong><strong>\u017e<\/strong><strong>e skorajda ves svet, zaklju<\/strong><strong>\u010d<\/strong><strong>iva z malo bolj zemeljskimi vpra<\/strong><strong>\u0161<\/strong><strong>anji:<\/strong><\/p>\n<ul>\n<li>Prvo resnej\u0161e potovanje, ki ste si ga privo\u0161\u010dili s svojim denarjem: <strong>Skandinavija<\/strong><\/li>\n<li>Tri najljub\u0161e destinacije: <strong>Kenija<\/strong> oziroma vsa podsaharska Afrika in Masai Mara, kjer lahko vidimo rezultate evolucije od blizu. <strong>Galapagos,<\/strong> kjer je eden najve\u010djih genijev na svetu pri\u0161el do briljantne ideje, da se \u00bblepo\u00ab resni\u010dno lahko razvije in ni le plod domi\u0161lije oziroma bo\u017ejih skrivnosti. <strong>Madagaskar<\/strong>, kjer tudi \u010dlove\u0161ka rev\u0161\u010dina in ne\u010dlove\u010dnost ne more zasen\u010diti lepote najlep\u0161ih pla\u017e na svetu.<\/li>\n<li>Kraj izven Slovenije, ki ste ga obiskali najve\u010dkrat: <strong>Nuerenberg, Nem\u010dija, <\/strong>kjer sem se izobra\u017eeval na kliniki prof. Langa, enega od pionirjev dentalne implantologije, kasneje pa sem tudi sam postal in\u0161truktor.<\/li>\n<li>Naslednje dalj\u0161e potovanje: <strong>Upam, da odprava v Himalajo.<\/strong><\/li>\n<li>Najbolj precenjena destinacija: <strong>Mont Vinson, Antarktika.<\/strong><\/li>\n<\/ul>\n<h6><strong>Jutri greste v pokoj in imate neomejeno denarja. Kam in za koliko \u010dasa?<\/strong><\/h6>\n<p>Ne vem. In to je najlep\u0161e.<\/p>\n<p>&nbsp;<\/p>\n<p>&nbsp;<\/p>\n<p>&nbsp;<\/p>\n<p>&nbsp;<\/p>\n","protected":false},"excerpt":{"rendered":"<p>Tole bo en poseben intervju, ki si ga \u0161tejem v veliko \u010dast. Tisti, ki se vam vsaj malce sanja, o \u010dem je govora, ga boste, kljub njegovem obsegu, prebrali &#8220;na eks&#8221;. Ostali pa verjetno potrebujete kar nekaj &#8220;predpriprav&#8221;, da ga boste razumeli. Zato tudi nekoliko dalj\u0161i uvod, kot obi\u010dajno.<\/p>\n","protected":false},"author":2,"featured_media":3090,"comment_status":"open","ping_status":"open","sticky":false,"template":"","format":"standard","meta":{"_acf_changed":false,"footnotes":""},"categories":[1031,69],"tags":[1149,1144,1142,1147,1143,1146,1148],"class_list":["post-3025","post","type-post","status-publish","format-standard","has-post-thumbnail","hentry","category-hiking","category-slovenski-koticek","tag-everest-treking","tag-slovenec-na-k2","tag-tomaz-rotar","tag-tomaz-rotar-everest","tag-tomaz-rotar-k2","tag-vzpon-na-everest","tag-vzpon-na-k2"],"acf":[],"yoast_head":"<!-- This site is optimized with the Yoast SEO plugin v27.2 - https:\/\/yoast.com\/product\/yoast-seo-wordpress\/ -->\n<title>Dr. Toma\u017e Rotar o zadnji zimski odpravi na K2 (intervju) - Travel with Anda<\/title>\n<meta name=\"description\" content=\"Dr. Toma\u017e Rotar, zobozdravnik iz Radovljice, je stal \u017ee na treh osemtiso\u010dakih. Lansko zimo je med vzponom na zloglasni K2 izgubil 3 prijatelje.\" \/>\n<meta name=\"robots\" content=\"index, follow, max-snippet:-1, max-image-preview:large, max-video-preview:-1\" \/>\n<link rel=\"canonical\" href=\"https:\/\/www.travelwithanda.com\/index.php\/2022\/02\/01\/intervju-tomaz-rotar\/\" \/>\n<meta property=\"og:locale\" content=\"en_US\" \/>\n<meta property=\"og:type\" content=\"article\" \/>\n<meta property=\"og:title\" content=\"Dr. Toma\u017e Rotar o zadnji zimski odpravi na K2 (intervju) - Travel with Anda\" \/>\n<meta property=\"og:description\" content=\"Dr. Toma\u017e Rotar, zobozdravnik iz Radovljice, je stal \u017ee na treh osemtiso\u010dakih. Lansko zimo je med vzponom na zloglasni K2 izgubil 3 prijatelje.\" \/>\n<meta property=\"og:url\" content=\"https:\/\/www.travelwithanda.com\/index.php\/2022\/02\/01\/intervju-tomaz-rotar\/\" \/>\n<meta property=\"og:site_name\" content=\"Travel with Anda\" \/>\n<meta property=\"article:published_time\" content=\"2022-02-01T19:48:35+00:00\" \/>\n<meta property=\"article:modified_time\" content=\"2022-03-25T14:45:54+00:00\" \/>\n<meta property=\"og:image\" content=\"https:\/\/www.travelwithanda.com\/wp-content\/uploads\/2022\/02\/tomaz-rotar-intervju-anda-arko-k2-690x455-1.jpg\" \/>\n\t<meta property=\"og:image:width\" content=\"690\" \/>\n\t<meta property=\"og:image:height\" content=\"455\" \/>\n\t<meta property=\"og:image:type\" content=\"image\/jpeg\" \/>\n<meta name=\"author\" content=\"Anda Arko\" \/>\n<meta name=\"twitter:card\" content=\"summary_large_image\" \/>\n<meta name=\"twitter:label1\" content=\"Written by\" \/>\n\t<meta name=\"twitter:data1\" content=\"Anda Arko\" \/>\n\t<meta name=\"twitter:label2\" content=\"Est. reading time\" \/>\n\t<meta name=\"twitter:data2\" content=\"13 minutes\" \/>\n<script type=\"application\/ld+json\" class=\"yoast-schema-graph\">{\"@context\":\"https:\/\/schema.org\",\"@graph\":[{\"@type\":\"Article\",\"@id\":\"https:\/\/www.travelwithanda.com\/index.php\/2022\/02\/01\/intervju-tomaz-rotar\/#article\",\"isPartOf\":{\"@id\":\"https:\/\/www.travelwithanda.com\/index.php\/2022\/02\/01\/intervju-tomaz-rotar\/\"},\"author\":{\"name\":\"Anda Arko\",\"@id\":\"https:\/\/www.travelwithanda.com\/#\/schema\/person\/fbc4f3d8a7ccc0431ba6aee746545bcf\"},\"headline\":\"Intervju: dr. Toma\u017e Rotar o zadnji zimski odpravi na K2\",\"datePublished\":\"2022-02-01T19:48:35+00:00\",\"dateModified\":\"2022-03-25T14:45:54+00:00\",\"mainEntityOfPage\":{\"@id\":\"https:\/\/www.travelwithanda.com\/index.php\/2022\/02\/01\/intervju-tomaz-rotar\/\"},\"wordCount\":2938,\"commentCount\":2,\"image\":{\"@id\":\"https:\/\/www.travelwithanda.com\/index.php\/2022\/02\/01\/intervju-tomaz-rotar\/#primaryimage\"},\"thumbnailUrl\":\"https:\/\/www.travelwithanda.com\/wp-content\/uploads\/2022\/02\/tomaz-rotar-intervju-anda-arko-k2-690x455-1.jpg\",\"keywords\":[\"everest treking\",\"slovenec na k2\",\"toma\u017e rotar\",\"toma\u017e rotar everest\",\"toma\u017e rotar k2\",\"vzpon na everest\",\"vzpon na k2\"],\"articleSection\":[\"Hiking\",\"Slovenski koti\u010dek\"],\"inLanguage\":\"en-US\",\"potentialAction\":[{\"@type\":\"CommentAction\",\"name\":\"Comment\",\"target\":[\"https:\/\/www.travelwithanda.com\/index.php\/2022\/02\/01\/intervju-tomaz-rotar\/#respond\"]}]},{\"@type\":\"WebPage\",\"@id\":\"https:\/\/www.travelwithanda.com\/index.php\/2022\/02\/01\/intervju-tomaz-rotar\/\",\"url\":\"https:\/\/www.travelwithanda.com\/index.php\/2022\/02\/01\/intervju-tomaz-rotar\/\",\"name\":\"Dr. Toma\u017e Rotar o zadnji zimski odpravi na K2 (intervju) - Travel with Anda\",\"isPartOf\":{\"@id\":\"https:\/\/www.travelwithanda.com\/#website\"},\"primaryImageOfPage\":{\"@id\":\"https:\/\/www.travelwithanda.com\/index.php\/2022\/02\/01\/intervju-tomaz-rotar\/#primaryimage\"},\"image\":{\"@id\":\"https:\/\/www.travelwithanda.com\/index.php\/2022\/02\/01\/intervju-tomaz-rotar\/#primaryimage\"},\"thumbnailUrl\":\"https:\/\/www.travelwithanda.com\/wp-content\/uploads\/2022\/02\/tomaz-rotar-intervju-anda-arko-k2-690x455-1.jpg\",\"datePublished\":\"2022-02-01T19:48:35+00:00\",\"dateModified\":\"2022-03-25T14:45:54+00:00\",\"author\":{\"@id\":\"https:\/\/www.travelwithanda.com\/#\/schema\/person\/fbc4f3d8a7ccc0431ba6aee746545bcf\"},\"description\":\"Dr. Toma\u017e Rotar, zobozdravnik iz Radovljice, je stal \u017ee na treh osemtiso\u010dakih. Lansko zimo je med vzponom na zloglasni K2 izgubil 3 prijatelje.\",\"breadcrumb\":{\"@id\":\"https:\/\/www.travelwithanda.com\/index.php\/2022\/02\/01\/intervju-tomaz-rotar\/#breadcrumb\"},\"inLanguage\":\"en-US\",\"potentialAction\":[{\"@type\":\"ReadAction\",\"target\":[\"https:\/\/www.travelwithanda.com\/index.php\/2022\/02\/01\/intervju-tomaz-rotar\/\"]}]},{\"@type\":\"ImageObject\",\"inLanguage\":\"en-US\",\"@id\":\"https:\/\/www.travelwithanda.com\/index.php\/2022\/02\/01\/intervju-tomaz-rotar\/#primaryimage\",\"url\":\"https:\/\/www.travelwithanda.com\/wp-content\/uploads\/2022\/02\/tomaz-rotar-intervju-anda-arko-k2-690x455-1.jpg\",\"contentUrl\":\"https:\/\/www.travelwithanda.com\/wp-content\/uploads\/2022\/02\/tomaz-rotar-intervju-anda-arko-k2-690x455-1.jpg\",\"width\":690,\"height\":455},{\"@type\":\"BreadcrumbList\",\"@id\":\"https:\/\/www.travelwithanda.com\/index.php\/2022\/02\/01\/intervju-tomaz-rotar\/#breadcrumb\",\"itemListElement\":[{\"@type\":\"ListItem\",\"position\":1,\"name\":\"Home\",\"item\":\"https:\/\/www.travelwithanda.com\/\"},{\"@type\":\"ListItem\",\"position\":2,\"name\":\"Intervju: dr. Toma\u017e Rotar o zadnji zimski odpravi na K2\"}]},{\"@type\":\"WebSite\",\"@id\":\"https:\/\/www.travelwithanda.com\/#website\",\"url\":\"https:\/\/www.travelwithanda.com\/\",\"name\":\"Travel with Anda\",\"description\":\"Travel and hiking adventures\",\"potentialAction\":[{\"@type\":\"SearchAction\",\"target\":{\"@type\":\"EntryPoint\",\"urlTemplate\":\"https:\/\/www.travelwithanda.com\/?s={search_term_string}\"},\"query-input\":{\"@type\":\"PropertyValueSpecification\",\"valueRequired\":true,\"valueName\":\"search_term_string\"}}],\"inLanguage\":\"en-US\"},{\"@type\":\"Person\",\"@id\":\"https:\/\/www.travelwithanda.com\/#\/schema\/person\/fbc4f3d8a7ccc0431ba6aee746545bcf\",\"name\":\"Anda Arko\",\"image\":{\"@type\":\"ImageObject\",\"inLanguage\":\"en-US\",\"@id\":\"https:\/\/secure.gravatar.com\/avatar\/ed94df98c5edc0dc7a28f971705be8d5677e5d138f29dfce59d0342d5dbe8b36?s=96&d=mm&r=g\",\"url\":\"https:\/\/secure.gravatar.com\/avatar\/ed94df98c5edc0dc7a28f971705be8d5677e5d138f29dfce59d0342d5dbe8b36?s=96&d=mm&r=g\",\"contentUrl\":\"https:\/\/secure.gravatar.com\/avatar\/ed94df98c5edc0dc7a28f971705be8d5677e5d138f29dfce59d0342d5dbe8b36?s=96&d=mm&r=g\",\"caption\":\"Anda Arko\"},\"url\":\"https:\/\/www.travelwithanda.com\/index.php\/author\/anda\/\"}]}<\/script>\n<!-- \/ Yoast SEO plugin. -->","yoast_head_json":{"title":"Dr. Toma\u017e Rotar o zadnji zimski odpravi na K2 (intervju) - Travel with Anda","description":"Dr. Toma\u017e Rotar, zobozdravnik iz Radovljice, je stal \u017ee na treh osemtiso\u010dakih. Lansko zimo je med vzponom na zloglasni K2 izgubil 3 prijatelje.","robots":{"index":"index","follow":"follow","max-snippet":"max-snippet:-1","max-image-preview":"max-image-preview:large","max-video-preview":"max-video-preview:-1"},"canonical":"https:\/\/www.travelwithanda.com\/index.php\/2022\/02\/01\/intervju-tomaz-rotar\/","og_locale":"en_US","og_type":"article","og_title":"Dr. Toma\u017e Rotar o zadnji zimski odpravi na K2 (intervju) - Travel with Anda","og_description":"Dr. Toma\u017e Rotar, zobozdravnik iz Radovljice, je stal \u017ee na treh osemtiso\u010dakih. Lansko zimo je med vzponom na zloglasni K2 izgubil 3 prijatelje.","og_url":"https:\/\/www.travelwithanda.com\/index.php\/2022\/02\/01\/intervju-tomaz-rotar\/","og_site_name":"Travel with Anda","article_published_time":"2022-02-01T19:48:35+00:00","article_modified_time":"2022-03-25T14:45:54+00:00","og_image":[{"width":690,"height":455,"url":"https:\/\/www.travelwithanda.com\/wp-content\/uploads\/2022\/02\/tomaz-rotar-intervju-anda-arko-k2-690x455-1.jpg","type":"image\/jpeg"}],"author":"Anda Arko","twitter_card":"summary_large_image","twitter_misc":{"Written by":"Anda Arko","Est. reading time":"13 minutes"},"schema":{"@context":"https:\/\/schema.org","@graph":[{"@type":"Article","@id":"https:\/\/www.travelwithanda.com\/index.php\/2022\/02\/01\/intervju-tomaz-rotar\/#article","isPartOf":{"@id":"https:\/\/www.travelwithanda.com\/index.php\/2022\/02\/01\/intervju-tomaz-rotar\/"},"author":{"name":"Anda Arko","@id":"https:\/\/www.travelwithanda.com\/#\/schema\/person\/fbc4f3d8a7ccc0431ba6aee746545bcf"},"headline":"Intervju: dr. Toma\u017e Rotar o zadnji zimski odpravi na K2","datePublished":"2022-02-01T19:48:35+00:00","dateModified":"2022-03-25T14:45:54+00:00","mainEntityOfPage":{"@id":"https:\/\/www.travelwithanda.com\/index.php\/2022\/02\/01\/intervju-tomaz-rotar\/"},"wordCount":2938,"commentCount":2,"image":{"@id":"https:\/\/www.travelwithanda.com\/index.php\/2022\/02\/01\/intervju-tomaz-rotar\/#primaryimage"},"thumbnailUrl":"https:\/\/www.travelwithanda.com\/wp-content\/uploads\/2022\/02\/tomaz-rotar-intervju-anda-arko-k2-690x455-1.jpg","keywords":["everest treking","slovenec na k2","toma\u017e rotar","toma\u017e rotar everest","toma\u017e rotar k2","vzpon na everest","vzpon na k2"],"articleSection":["Hiking","Slovenski koti\u010dek"],"inLanguage":"en-US","potentialAction":[{"@type":"CommentAction","name":"Comment","target":["https:\/\/www.travelwithanda.com\/index.php\/2022\/02\/01\/intervju-tomaz-rotar\/#respond"]}]},{"@type":"WebPage","@id":"https:\/\/www.travelwithanda.com\/index.php\/2022\/02\/01\/intervju-tomaz-rotar\/","url":"https:\/\/www.travelwithanda.com\/index.php\/2022\/02\/01\/intervju-tomaz-rotar\/","name":"Dr. Toma\u017e Rotar o zadnji zimski odpravi na K2 (intervju) - Travel with Anda","isPartOf":{"@id":"https:\/\/www.travelwithanda.com\/#website"},"primaryImageOfPage":{"@id":"https:\/\/www.travelwithanda.com\/index.php\/2022\/02\/01\/intervju-tomaz-rotar\/#primaryimage"},"image":{"@id":"https:\/\/www.travelwithanda.com\/index.php\/2022\/02\/01\/intervju-tomaz-rotar\/#primaryimage"},"thumbnailUrl":"https:\/\/www.travelwithanda.com\/wp-content\/uploads\/2022\/02\/tomaz-rotar-intervju-anda-arko-k2-690x455-1.jpg","datePublished":"2022-02-01T19:48:35+00:00","dateModified":"2022-03-25T14:45:54+00:00","author":{"@id":"https:\/\/www.travelwithanda.com\/#\/schema\/person\/fbc4f3d8a7ccc0431ba6aee746545bcf"},"description":"Dr. Toma\u017e Rotar, zobozdravnik iz Radovljice, je stal \u017ee na treh osemtiso\u010dakih. Lansko zimo je med vzponom na zloglasni K2 izgubil 3 prijatelje.","breadcrumb":{"@id":"https:\/\/www.travelwithanda.com\/index.php\/2022\/02\/01\/intervju-tomaz-rotar\/#breadcrumb"},"inLanguage":"en-US","potentialAction":[{"@type":"ReadAction","target":["https:\/\/www.travelwithanda.com\/index.php\/2022\/02\/01\/intervju-tomaz-rotar\/"]}]},{"@type":"ImageObject","inLanguage":"en-US","@id":"https:\/\/www.travelwithanda.com\/index.php\/2022\/02\/01\/intervju-tomaz-rotar\/#primaryimage","url":"https:\/\/www.travelwithanda.com\/wp-content\/uploads\/2022\/02\/tomaz-rotar-intervju-anda-arko-k2-690x455-1.jpg","contentUrl":"https:\/\/www.travelwithanda.com\/wp-content\/uploads\/2022\/02\/tomaz-rotar-intervju-anda-arko-k2-690x455-1.jpg","width":690,"height":455},{"@type":"BreadcrumbList","@id":"https:\/\/www.travelwithanda.com\/index.php\/2022\/02\/01\/intervju-tomaz-rotar\/#breadcrumb","itemListElement":[{"@type":"ListItem","position":1,"name":"Home","item":"https:\/\/www.travelwithanda.com\/"},{"@type":"ListItem","position":2,"name":"Intervju: dr. Toma\u017e Rotar o zadnji zimski odpravi na K2"}]},{"@type":"WebSite","@id":"https:\/\/www.travelwithanda.com\/#website","url":"https:\/\/www.travelwithanda.com\/","name":"Travel with Anda","description":"Travel and hiking adventures","potentialAction":[{"@type":"SearchAction","target":{"@type":"EntryPoint","urlTemplate":"https:\/\/www.travelwithanda.com\/?s={search_term_string}"},"query-input":{"@type":"PropertyValueSpecification","valueRequired":true,"valueName":"search_term_string"}}],"inLanguage":"en-US"},{"@type":"Person","@id":"https:\/\/www.travelwithanda.com\/#\/schema\/person\/fbc4f3d8a7ccc0431ba6aee746545bcf","name":"Anda Arko","image":{"@type":"ImageObject","inLanguage":"en-US","@id":"https:\/\/secure.gravatar.com\/avatar\/ed94df98c5edc0dc7a28f971705be8d5677e5d138f29dfce59d0342d5dbe8b36?s=96&d=mm&r=g","url":"https:\/\/secure.gravatar.com\/avatar\/ed94df98c5edc0dc7a28f971705be8d5677e5d138f29dfce59d0342d5dbe8b36?s=96&d=mm&r=g","contentUrl":"https:\/\/secure.gravatar.com\/avatar\/ed94df98c5edc0dc7a28f971705be8d5677e5d138f29dfce59d0342d5dbe8b36?s=96&d=mm&r=g","caption":"Anda Arko"},"url":"https:\/\/www.travelwithanda.com\/index.php\/author\/anda\/"}]}},"_links":{"self":[{"href":"https:\/\/www.travelwithanda.com\/index.php\/wp-json\/wp\/v2\/posts\/3025","targetHints":{"allow":["GET"]}}],"collection":[{"href":"https:\/\/www.travelwithanda.com\/index.php\/wp-json\/wp\/v2\/posts"}],"about":[{"href":"https:\/\/www.travelwithanda.com\/index.php\/wp-json\/wp\/v2\/types\/post"}],"author":[{"embeddable":true,"href":"https:\/\/www.travelwithanda.com\/index.php\/wp-json\/wp\/v2\/users\/2"}],"replies":[{"embeddable":true,"href":"https:\/\/www.travelwithanda.com\/index.php\/wp-json\/wp\/v2\/comments?post=3025"}],"version-history":[{"count":20,"href":"https:\/\/www.travelwithanda.com\/index.php\/wp-json\/wp\/v2\/posts\/3025\/revisions"}],"predecessor-version":[{"id":3094,"href":"https:\/\/www.travelwithanda.com\/index.php\/wp-json\/wp\/v2\/posts\/3025\/revisions\/3094"}],"wp:featuredmedia":[{"embeddable":true,"href":"https:\/\/www.travelwithanda.com\/index.php\/wp-json\/wp\/v2\/media\/3090"}],"wp:attachment":[{"href":"https:\/\/www.travelwithanda.com\/index.php\/wp-json\/wp\/v2\/media?parent=3025"}],"wp:term":[{"taxonomy":"category","embeddable":true,"href":"https:\/\/www.travelwithanda.com\/index.php\/wp-json\/wp\/v2\/categories?post=3025"},{"taxonomy":"post_tag","embeddable":true,"href":"https:\/\/www.travelwithanda.com\/index.php\/wp-json\/wp\/v2\/tags?post=3025"}],"curies":[{"name":"wp","href":"https:\/\/api.w.org\/{rel}","templated":true}]}}